{"id":259,"date":"2021-02-01T11:37:03","date_gmt":"2021-02-01T10:37:03","guid":{"rendered":"http:\/\/strzelnicaswit.pl\/?p=259"},"modified":"2021-02-01T11:37:04","modified_gmt":"2021-02-01T10:37:04","slug":"strzelnica-starachowice-2021","status":"publish","type":"post","link":"https:\/\/strzelnicaswit.pl\/?p=259","title":{"rendered":"Strzelnica Starachowice 2021"},"content":{"rendered":"\n<p class=\"has-small-font-size\">Drodzy Klubowicze i Sympatycy Strzelnicy w Starachowicach. Za nami fatalny rok 2020. Nie wiemy co przyniesie nam bie\u017c\u0105cy rok, ale zapewne wszyscy chcemy aby 2021 by\u0142 lepszym okresem w dzia\u0142alno\u015bci naszego Klubu. Dlatego te\u017c ze strony wszystkich zaanga\u017cowanych w nasz\u0105 dzia\u0142alno\u015b\u0107 zwracamy si\u0119 dla was z pro\u015bb\u0105 o zaanga\u017cowanie w propagowanie Klubu i Strzelnicy Starachowickiej. Ka\u017cda pomoc jest dla nas wa\u017cna. Pami\u0119tajmy, \u017ce nawet pojedynczy go\u015b\u0107 na strzelnicy kt\u00f3ry wykupi w Klubie cho\u0107 jedn\u0105 lekcj\u0119 u instruktora to realne pieni\u0105dze na dalsz\u0105 dzia\u0142alno\u015b\u0107. Ze wzgl\u0119dy na sytuacj\u0119 pandemiczn\u0105 Klub dzia\u0142a jedynie dzi\u0119ki zaanga\u017cowaniu naszych instruktor\u00f3w i dzia\u0142aczy spo\u0142ecznych. Wierzymy, \u017ce przetrwamy ten trudny okres i wierzymy, \u017ce ka\u017cdy z nas w miar\u0119 swoich mo\u017cliwo\u015bci udzieli Klubowi swojego wsparcia, pracy spo\u0142ecznej i ewentualnych darowizn finansowych. Ka\u017cda kwota si\u0119 liczy. Mamy wiele przyk\u0142ad\u00f3w jak zaanga\u017cowanie spo\u0142eczne mo\u017ce by\u0107 skuteczne i przynosi\u0107 realne \u015brodki na dalsz\u0105 dzia\u0142alno\u015b\u0107.<\/p>\n\n\n\n<p class=\"has-small-font-size\">B\u0119dziemy wdzi\u0119czni za przekazanie tej pro\u015bby do wszystkich naszych Klubowicz\u00f3w, wsp\u00f3lnie mo\u017cemy bardzo du\u017co.<\/p>\n\n\n\n<p class=\"has-small-font-size\">Klub \u015awit i Strzelnica w Starachowicach tworz\u0105 ludzie. Mamy bogat\u0105 histori\u0119 i niech bie\u017c\u0105cy czas w jakim przysz\u0142o nam egzystowa\u0107 zapisze si\u0119 w karatach historii jako okres w kt\u00f3rym pasjonaci sport\u00f3w strzeleckich zjednoczyli si\u0119 i pozwolili Klubowi przetrwa\u0107.<\/p>\n","protected":false},"excerpt":{"rendered":"<p>Strzelnica Starachowice i jej dzia\u0142alno\u015b\u0107 w  2021<\/p>\n","protected":false},"author":1,"featured_media":202,"comment_status":"open","ping_status":"open","sticky":true,"template":"","format":"standard","meta":{"footnotes":""},"categories":[3],"tags":[],"class_list":["post-259","post","type-post","status-publish","format-standard","has-post-thumbnail","hentry","category-informacja"],"_links":{"self":[{"href":"https:\/\/strzelnicaswit.pl\/index.php?rest_route=\/wp\/v2\/posts\/259","targetHints":{"allow":["GET"]}}],"collection":[{"href":"https:\/\/strzelnicaswit.pl\/index.php?rest_route=\/wp\/v2\/posts"}],"about":[{"href":"https:\/\/strzelnicaswit.pl\/index.php?rest_route=\/wp\/v2\/types\/post"}],"author":[{"embeddable":true,"href":"https:\/\/strzelnicaswit.pl\/index.php?rest_route=\/wp\/v2\/users\/1"}],"replies":[{"embeddable":true,"href":"https:\/\/strzelnicaswit.pl\/index.php?rest_route=%2Fwp%2Fv2%2Fcomments&post=259"}],"version-history":[{"count":1,"href":"https:\/\/strzelnicaswit.pl\/index.php?rest_route=\/wp\/v2\/posts\/259\/revisions"}],"predecessor-version":[{"id":260,"href":"https:\/\/strzelnicaswit.pl\/index.php?rest_route=\/wp\/v2\/posts\/259\/revisions\/260"}],"wp:featuredmedia":[{"embeddable":true,"href":"https:\/\/strzelnicaswit.pl\/index.php?rest_route=\/wp\/v2\/media\/202"}],"wp:attachment":[{"href":"https:\/\/strzelnicaswit.pl\/index.php?rest_route=%2Fwp%2Fv2%2Fmedia&parent=259"}],"wp:term":[{"taxonomy":"category","embeddable":true,"href":"https:\/\/strzelnicaswit.pl\/index.php?rest_route=%2Fwp%2Fv2%2Fcategories&post=259"},{"taxonomy":"post_tag","embeddable":true,"href":"https:\/\/strzelnicaswit.pl\/index.php?rest_route=%2Fwp%2Fv2%2Ftags&post=259"}],"curies":[{"name":"wp","href":"https:\/\/api.w.org\/{rel}","templated":true}]}}